[{"@context":"https:\/\/schema.org\/","@type":"Blog","@id":"https:\/\/elgordo.cz#Blog","headline":"El gordo","description":"\nTi, kdo hledaj\u00ed pomoc, mohou samoz\u0159ejm\u011b vyu\u017e\u00edt i internet. Proto\u017ee kdy\u017e maj\u00ed to \u0161t\u011bst\u00ed, \u017ee najdou pr\u00e1v\u011b tento web, vy\u0159e\u0161\u00ed s\u00a0jeho pomoc\u00ed sv\u00e9 probl\u00e9my.","url":"https:\/\/elgordo.cz","hasPart":[{"@type":"Article","@id":"https:\/\/elgordo.cz\/stante-se-novymi-uzivateli\/","headline":"Sta\u0148te se nov\u00fdmi u\u017eivateli","url":"https:\/\/elgordo.cz\/stante-se-novymi-uzivateli\/","datePublished":"2025-07-11","dateModified":"2025-07-11","mainEntityOfPage":"https:\/\/elgordo.cz\/stante-se-novymi-uzivateli\/","author":{"@type":"Person","@id":"https:\/\/elgordo.cz\/author\/#Person","name":"","url":"https:\/\/elgordo.cz\/author\/","identifier":1,"image":{"@type":"ImageObject","@id":"https:\/\/secure.gravatar.com\/avatar\/2d2e3fdaba6370eba756fb4048c695326686ff29010a0df4d58b27c20544521d?s=96&d=mm&r=g","url":"https:\/\/secure.gravatar.com\/avatar\/2d2e3fdaba6370eba756fb4048c695326686ff29010a0df4d58b27c20544521d?s=96&d=mm&r=g","height":96,"width":96}},"publisher":{"@type":"Organization","name":"elgordo.cz","logo":{"@type":"ImageObject","@id":"\/logo.png","url":"\/logo.png","width":600,"height":60}},"image":null,"wordCount":214,"keywords":null},{"@type":"Article","@id":"https:\/\/elgordo.cz\/usednete-do-luxusu\/","headline":"Usedn\u011bte do luxusu","url":"https:\/\/elgordo.cz\/usednete-do-luxusu\/","datePublished":"2025-07-03","dateModified":"2025-07-03","mainEntityOfPage":"https:\/\/elgordo.cz\/usednete-do-luxusu\/","author":{"@type":"Person","@id":"https:\/\/elgordo.cz\/author\/#Person","name":"","url":"https:\/\/elgordo.cz\/author\/","identifier":1,"image":{"@type":"ImageObject","@id":"https:\/\/secure.gravatar.com\/avatar\/2d2e3fdaba6370eba756fb4048c695326686ff29010a0df4d58b27c20544521d?s=96&d=mm&r=g","url":"https:\/\/secure.gravatar.com\/avatar\/2d2e3fdaba6370eba756fb4048c695326686ff29010a0df4d58b27c20544521d?s=96&d=mm&r=g","height":96,"width":96}},"publisher":{"@type":"Organization","name":"elgordo.cz","logo":{"@type":"ImageObject","@id":"\/logo.png","url":"\/logo.png","width":600,"height":60}},"image":null,"wordCount":199,"keywords":null},{"@type":"Article","@id":"https:\/\/elgordo.cz\/tri-loznice-i-velka-zahrada\/","headline":"T\u0159i lo\u017enice i velk\u00e1 zahrada","url":"https:\/\/elgordo.cz\/tri-loznice-i-velka-zahrada\/","datePublished":"2025-06-27","dateModified":"2025-06-27","mainEntityOfPage":"https:\/\/elgordo.cz\/tri-loznice-i-velka-zahrada\/","author":{"@type":"Person","@id":"https:\/\/elgordo.cz\/author\/#Person","name":"","url":"https:\/\/elgordo.cz\/author\/","identifier":1,"image":{"@type":"ImageObject","@id":"https:\/\/secure.gravatar.com\/avatar\/2d2e3fdaba6370eba756fb4048c695326686ff29010a0df4d58b27c20544521d?s=96&d=mm&r=g","url":"https:\/\/secure.gravatar.com\/avatar\/2d2e3fdaba6370eba756fb4048c695326686ff29010a0df4d58b27c20544521d?s=96&d=mm&r=g","height":96,"width":96}},"publisher":{"@type":"Organization","name":"elgordo.cz","logo":{"@type":"ImageObject","@id":"\/logo.png","url":"\/logo.png","width":600,"height":60}},"image":null,"wordCount":209,"keywords":null},{"@type":"Article","@id":"https:\/\/elgordo.cz\/perfektni-noviny\/","headline":"Perfektn\u00ed noviny","url":"https:\/\/elgordo.cz\/perfektni-noviny\/","datePublished":"2025-06-21","dateModified":"2025-06-21","mainEntityOfPage":"https:\/\/elgordo.cz\/perfektni-noviny\/","author":{"@type":"Person","@id":"https:\/\/elgordo.cz\/author\/#Person","name":"","url":"https:\/\/elgordo.cz\/author\/","identifier":1,"image":{"@type":"ImageObject","@id":"https:\/\/secure.gravatar.com\/avatar\/2d2e3fdaba6370eba756fb4048c695326686ff29010a0df4d58b27c20544521d?s=96&d=mm&r=g","url":"https:\/\/secure.gravatar.com\/avatar\/2d2e3fdaba6370eba756fb4048c695326686ff29010a0df4d58b27c20544521d?s=96&d=mm&r=g","height":96,"width":96}},"publisher":{"@type":"Organization","name":"elgordo.cz","logo":{"@type":"ImageObject","@id":"\/logo.png","url":"\/logo.png","width":600,"height":60}},"image":null,"wordCount":231,"keywords":null},{"@type":"Article","@id":"https:\/\/elgordo.cz\/prakticka-vec-v-kabelce\/","headline":"Praktick\u00e1 v\u011bc v kabelce","url":"https:\/\/elgordo.cz\/prakticka-vec-v-kabelce\/","datePublished":"2025-06-17","dateModified":"2025-06-17","mainEntityOfPage":"https:\/\/elgordo.cz\/prakticka-vec-v-kabelce\/","author":{"@type":"Person","@id":"https:\/\/elgordo.cz\/author\/#Person","name":"","url":"https:\/\/elgordo.cz\/author\/","identifier":1,"image":{"@type":"ImageObject","@id":"https:\/\/secure.gravatar.com\/avatar\/2d2e3fdaba6370eba756fb4048c695326686ff29010a0df4d58b27c20544521d?s=96&d=mm&r=g","url":"https:\/\/secure.gravatar.com\/avatar\/2d2e3fdaba6370eba756fb4048c695326686ff29010a0df4d58b27c20544521d?s=96&d=mm&r=g","height":96,"width":96}},"publisher":{"@type":"Organization","name":"elgordo.cz","logo":{"@type":"ImageObject","@id":"\/logo.png","url":"\/logo.png","width":600,"height":60}},"image":{"@type":"ImageObject","@id":"https:\/\/elgordo.cz\/wp-content\/uploads\/bag-2472112_640_2.jpg","url":"https:\/\/elgordo.cz\/wp-content\/uploads\/bag-2472112_640_2.jpg","height":0,"width":0},"wordCount":597,"keywords":null},{"@type":"Article","@id":"https:\/\/elgordo.cz\/svetlo-ktere-stoji-za-to\/","headline":"Sv\u011btlo, kter\u00e9 stoj\u00ed za to","url":"https:\/\/elgordo.cz\/svetlo-ktere-stoji-za-to\/","datePublished":"2025-06-12","dateModified":"2025-06-12","mainEntityOfPage":"https:\/\/elgordo.cz\/svetlo-ktere-stoji-za-to\/","author":{"@type":"Person","@id":"https:\/\/elgordo.cz\/author\/#Person","name":"","url":"https:\/\/elgordo.cz\/author\/","identifier":1,"image":{"@type":"ImageObject","@id":"https:\/\/secure.gravatar.com\/avatar\/2d2e3fdaba6370eba756fb4048c695326686ff29010a0df4d58b27c20544521d?s=96&d=mm&r=g","url":"https:\/\/secure.gravatar.com\/avatar\/2d2e3fdaba6370eba756fb4048c695326686ff29010a0df4d58b27c20544521d?s=96&d=mm&r=g","height":96,"width":96}},"publisher":{"@type":"Organization","name":"elgordo.cz","logo":{"@type":"ImageObject","@id":"\/logo.png","url":"\/logo.png","width":600,"height":60}},"image":null,"wordCount":218,"keywords":null},{"@type":"Article","@id":"https:\/\/elgordo.cz\/hodi-se-hlavne-do-venkovnich-prostor\/","headline":"Hod\u00ed se hlavn\u011b do venkovn\u00edch prostor","url":"https:\/\/elgordo.cz\/hodi-se-hlavne-do-venkovnich-prostor\/","datePublished":"2025-06-10","dateModified":"2025-06-10","mainEntityOfPage":"https:\/\/elgordo.cz\/hodi-se-hlavne-do-venkovnich-prostor\/","author":{"@type":"Person","@id":"https:\/\/elgordo.cz\/author\/#Person","name":"","url":"https:\/\/elgordo.cz\/author\/","identifier":1,"image":{"@type":"ImageObject","@id":"https:\/\/secure.gravatar.com\/avatar\/2d2e3fdaba6370eba756fb4048c695326686ff29010a0df4d58b27c20544521d?s=96&d=mm&r=g","url":"https:\/\/secure.gravatar.com\/avatar\/2d2e3fdaba6370eba756fb4048c695326686ff29010a0df4d58b27c20544521d?s=96&d=mm&r=g","height":96,"width":96}},"publisher":{"@type":"Organization","name":"elgordo.cz","logo":{"@type":"ImageObject","@id":"\/logo.png","url":"\/logo.png","width":600,"height":60}},"image":null,"wordCount":188,"keywords":null},{"@type":"Article","@id":"https:\/\/elgordo.cz\/i-vy-muzete-mit-dobre-podminky\/","headline":"I vy m\u016f\u017eete m\u00edt dobr\u00e9 podm\u00ednky","url":"https:\/\/elgordo.cz\/i-vy-muzete-mit-dobre-podminky\/","datePublished":"2025-06-07","dateModified":"2025-06-07","mainEntityOfPage":"https:\/\/elgordo.cz\/i-vy-muzete-mit-dobre-podminky\/","author":{"@type":"Person","@id":"https:\/\/elgordo.cz\/author\/#Person","name":"","url":"https:\/\/elgordo.cz\/author\/","identifier":1,"image":{"@type":"ImageObject","@id":"https:\/\/secure.gravatar.com\/avatar\/2d2e3fdaba6370eba756fb4048c695326686ff29010a0df4d58b27c20544521d?s=96&d=mm&r=g","url":"https:\/\/secure.gravatar.com\/avatar\/2d2e3fdaba6370eba756fb4048c695326686ff29010a0df4d58b27c20544521d?s=96&d=mm&r=g","height":96,"width":96}},"publisher":{"@type":"Organization","name":"elgordo.cz","logo":{"@type":"ImageObject","@id":"\/logo.png","url":"\/logo.png","width":600,"height":60}},"image":{"@type":"ImageObject","@id":"https:\/\/elgordo.cz\/wp-content\/uploads\/money-2180330_640_10_10_7.jpg","url":"https:\/\/elgordo.cz\/wp-content\/uploads\/money-2180330_640_10_10_7.jpg","height":0,"width":0},"wordCount":588,"keywords":null},{"@type":"Article","@id":"https:\/\/elgordo.cz\/prirodni-pripravek-pro-vasi-plet\/","headline":"P\u0159\u00edrodn\u00ed p\u0159\u00edpravek pro va\u0161i ple\u0165","url":"https:\/\/elgordo.cz\/prirodni-pripravek-pro-vasi-plet\/","datePublished":"2025-06-06","dateModified":"2025-06-06","mainEntityOfPage":"https:\/\/elgordo.cz\/prirodni-pripravek-pro-vasi-plet\/","author":{"@type":"Person","@id":"https:\/\/elgordo.cz\/author\/#Person","name":"","url":"https:\/\/elgordo.cz\/author\/","identifier":1,"image":{"@type":"ImageObject","@id":"https:\/\/secure.gravatar.com\/avatar\/2d2e3fdaba6370eba756fb4048c695326686ff29010a0df4d58b27c20544521d?s=96&d=mm&r=g","url":"https:\/\/secure.gravatar.com\/avatar\/2d2e3fdaba6370eba756fb4048c695326686ff29010a0df4d58b27c20544521d?s=96&d=mm&r=g","height":96,"width":96}},"publisher":{"@type":"Organization","name":"elgordo.cz","logo":{"@type":"ImageObject","@id":"\/logo.png","url":"\/logo.png","width":600,"height":60}},"image":null,"wordCount":218,"keywords":null},{"@type":"Article","@id":"https:\/\/elgordo.cz\/take-se-radi-tocite\/","headline":"Tak\u00e9 se r\u00e1di to\u010d\u00edte?","url":"https:\/\/elgordo.cz\/take-se-radi-tocite\/","datePublished":"2025-05-30","dateModified":"2025-05-30","mainEntityOfPage":"https:\/\/elgordo.cz\/take-se-radi-tocite\/","author":{"@type":"Person","@id":"https:\/\/elgordo.cz\/author\/#Person","name":"","url":"https:\/\/elgordo.cz\/author\/","identifier":1,"image":{"@type":"ImageObject","@id":"https:\/\/secure.gravatar.com\/avatar\/2d2e3fdaba6370eba756fb4048c695326686ff29010a0df4d58b27c20544521d?s=96&d=mm&r=g","url":"https:\/\/secure.gravatar.com\/avatar\/2d2e3fdaba6370eba756fb4048c695326686ff29010a0df4d58b27c20544521d?s=96&d=mm&r=g","height":96,"width":96}},"publisher":{"@type":"Organization","name":"elgordo.cz","logo":{"@type":"ImageObject","@id":"\/logo.png","url":"\/logo.png","width":600,"height":60}},"image":null,"wordCount":230,"keywords":null}]},{"@context":"https:\/\/schema.org","@type":"WebSite","@id":"https:\/\/elgordo.cz\/#website","name":"El gordo","url":"https:\/\/elgordo.cz","potentialAction":{"@type":"SearchAction","target":"https:\/\/elgordo.cz\/?s={search_term_string}","query-input":"required name=search_term_string"}}]